{"id":224,"date":"2026-03-07T01:38:37","date_gmt":"2026-03-07T00:38:37","guid":{"rendered":"https:\/\/dostosowania.fediblog.pl\/?p=224"},"modified":"2026-03-07T18:16:20","modified_gmt":"2026-03-07T17:16:20","slug":"xxi-krakowska-manifa","status":"publish","type":"post","link":"https:\/\/dostosowania.fediblog.pl\/en\/2026\/03\/07\/xxi-krakowska-manifa\/","title":{"rendered":"XXI Krakowska Manifa"},"content":{"rendered":"<hr class=\"wp-block-separator has-alpha-channel-opacity\"\/>\n\n\n\n<h2 class=\"wp-block-heading\"><a href=\"https:\/\/www.facebook.com\/events\/859595487127524\/?post_id=870747459345660\" target=\"_blank\" rel=\"noreferrer noopener\">Accommodations and difficulties during March<\/a><\/h2>\n\n\n\n<p>W tym roku chcia\u0142y\u015bmy zwr\u00f3ci\u0107 uwag\u0119 na mo\u017cliwe utrudnienia na wydarzeniu i dostosowa\u0107 te z nich, kt\u00f3re jeste\u015bmy w stanie. Przeanalizowa\u0142y\u015bmy tras\u0119 i zauwa\u017cy\u0142y\u015bmy problemy, kt\u00f3re mog\u0119 niekt\u00f3rym z was utrudni\u0107 udzia\u0142 w marszu. Chcemy by\u0107 transparentni z tym, jak b\u0119dzie to wygl\u0105da\u0107, zatem zrobi\u0142y\u015bmy ma\u0142\u0105 list\u0119 utrudnie\u0144 i dostosowa\u0144 wyst\u0119puj\u0105cych podczas wydarzenia.<\/p>\n\n\n\n<p>(Je\u015bli chcesz zg\u0142osi\u0107 indywidualn\u0105 potrzeb\u0119 dostosowania to napisz do nas na facebooku.)<\/p>\n\n\n\n<p>Were there any problems to occur during the march, please notify crowd control team (people yellow vests). They can be found at the sides of the march and at the borders during the speeches.<\/p>\n\n\n\n<p>~~~~~~~~~~~~~~~~~~~~~~~~~~~~~~~~~<\/p>\n\n\n\n<details class=\"wp-block-details is-layout-flow wp-block-details-is-layout-flow\"><summary><strong><span style=\"text-decoration: underline;\"><img loading=\"lazy\" decoding=\"async\" height=\"16\" width=\"16\" src=\"https:\/\/static.xx.fbcdn.net\/images\/emoji.php\/v9\/t3c\/2\/16\/1f415_200d_1f9ba.png\" alt=\"\ud83d\udc15\u200d\ud83e\uddba\"> MARSZ &#8211; ZWIERZ\u0118TA<\/span><\/strong><\/summary>\n<p>Zalecamy nie bra\u0107 zwierz\u0105t, bo trasa jest d\u0142uga, prowadzi g\u0142\u00f3wnie torami, a sam marsz b\u0119dzie bardzo g\u0142o\u015bny.<\/p>\n<\/details>\n\n\n\n<details class=\"wp-block-details is-layout-flow wp-block-details-is-layout-flow\"><summary><strong><span style=\"text-decoration: underline;\"><img loading=\"lazy\" decoding=\"async\" height=\"16\" width=\"16\" src=\"https:\/\/static.xx.fbcdn.net\/images\/emoji.php\/v9\/tb3\/2\/16\/1f507.png\" alt=\"\ud83d\udd07\"> MARSZ \u2013 STREFA CISZY I STREFA DLA RODZIC\u00d3W<\/span><\/strong><\/summary>\n<p>Na Manifie b\u0119d\u0105 dost\u0119pne stopery do uszu \u2013 podczas wydarzenia zostanie podana informacja sk\u0105d je pobiera\u0107.<\/p>\n\n\n\n<p>Na przodzie i na \u015brodku pochodu b\u0119dzie muzyka oraz g\u0142o\u015bne megafony.<\/p>\n\n\n\n<p>Na ko\u0144cu pochodu, b\u0119dzie strefa ciszy i strefa dla rodzic\u00f3w z dzie\u0107mi.<\/p>\n<\/details>\n\n\n\n<details class=\"wp-block-details is-layout-flow wp-block-details-is-layout-flow\"><summary><strong><span style=\"text-decoration: underline;\"><img loading=\"lazy\" decoding=\"async\" height=\"16\" width=\"16\" src=\"https:\/\/static.xx.fbcdn.net\/images\/emoji.php\/v9\/t5c\/2\/16\/1f6e4.png\" alt=\"\ud83d\udee4\ufe0f\"> ROUTE - PAVEMENT<\/span><\/strong><\/summary>\n<p>B\u0119dziemy szli g\u0142\u00f3wnie ulicami miasta, kt\u00f3re maj\u0105 tory \u2013 s\u0105 one od Rynku Podg\u00f3rskiego a\u017c pod Wawel. Najgorsza sytuacja jest ko\u0142o przystank\u00f3w Stradom, gdzie tor\u00f3w jest tak du\u017co, \u017ce \u0142atwo si\u0119 o nie potkn\u0105\u0107 lub wpa\u015b\u0107 w dziury. Niestety nie da si\u0119 ich omin\u0105\u0107 i trzeba przez nie przej\u015b\u0107, aby i\u015b\u0107 dalej tras\u0105 marszu.<\/p>\n\n\n\n<p>Osoby z trudno\u015bci\u0105 poruszania si\u0119, na w\u00f3zkach, lub z w\u00f3zkami b\u0119d\u0105 mog\u0142y i\u015b\u0107 chodnikami, kt\u00f3re maj\u0105 nie dziurawe nawierzchnie. Niestety chodniki od Rynku Podg\u00f3rskiego a\u017c pod Wawel s\u0105 do\u015b\u0107 w\u0105skie, wi\u0119c przy du\u017cej ilo\u015bci ludzi na nich poruszanie si\u0119 mo\u017ce by\u0107 problemem. Nieraz chodniki maj\u0105 \u0142a\u0144cuchy lub metalowe s\u0142upki oddzielaj\u0105ce je od ulicy, co mo\u017ce utrudnia\u0107 przechodzenie z ulicy na chodnik i na odwr\u00f3t.<\/p>\n\n\n\n<p>Od przystanku Wawel a\u017c pod koniec trasy chodniki s\u0105 szerokie a ulica wy\u0142o\u017cona g\u0142adk\u0105 kostk\u0105 brukow\u0105 lub g\u0142adkim asfaltem.<\/p>\n<\/details>\n\n\n\n<details class=\"wp-block-details is-layout-flow wp-block-details-is-layout-flow\"><summary><strong><span style=\"text-decoration: underline;\"><img loading=\"lazy\" decoding=\"async\" height=\"16\" width=\"16\" src=\"https:\/\/static.xx.fbcdn.net\/images\/emoji.php\/v9\/t78\/2\/16\/26f0.png\" alt=\"\u26f0\ufe0f\"> TRASA \u2013 NACHYLENIE<\/span><\/strong><\/summary>\n<p>Trasa jest w wi\u0119kszo\u015bci do\u015b\u0107 p\u0142aska.<\/p>\n\n\n\n<p>Przy wje\u017adzie na Most Marsza\u0142ka J\u00f3zefa Pi\u0142sudzkiego, ko\u0142o przystanku Korona, jest nachylenie w g\u00f3r\u0119, kt\u00f3re mo\u017ce utrudnia\u0107 wjazd. Przy Wawelu jest lekkie nachylenie w d\u00f3\u0142.<\/p>\n<\/details>\n\n\n\n<details class=\"wp-block-details is-layout-flow wp-block-details-is-layout-flow\"><summary><strong><span style=\"text-decoration: underline;\"><img loading=\"lazy\" decoding=\"async\" height=\"16\" width=\"16\" src=\"https:\/\/static.xx.fbcdn.net\/images\/emoji.php\/v9\/t71\/2\/16\/1f6b6_200d_2642.png\" alt=\"\ud83d\udeb6\u200d\u2642\ufe0f\"> ROUTE - CURBS<\/span><\/strong><\/summary>\n<p>Marsz zostanie poprowadzony tak, aby przechodzi\u0107 w miejscu najni\u017cszego kraw\u0119\u017cnika. Wi\u0119kszo\u015b\u0107 plac\u00f3w, na kt\u00f3rych b\u0119d\u0105 przem\u00f3wienia ma bardzo niski kraw\u0119\u017cnik.<\/p>\n<\/details>\n\n\n\n<details class=\"wp-block-details is-layout-flow wp-block-details-is-layout-flow\"><summary><strong><span style=\"text-decoration: underline;\"><img loading=\"lazy\" decoding=\"async\" height=\"16\" width=\"16\" src=\"https:\/\/static.xx.fbcdn.net\/images\/emoji.php\/v9\/tfe\/2\/16\/1f31e.png\" alt=\"\ud83c\udf1e\"> ROUTE - INSOLATION<\/span><\/strong><\/summary>\n<p>Marsz b\u0119dzie po cz\u0119\u015bci tras\u0105 bez cienia, cho\u0107 w wi\u0119kszo\u015bci idziemy mi\u0119dzy budynkami zas\u0142aniaj\u0105cymi promienie s\u0142o\u0144ca.<\/p>\n\n\n\n<p>Zalecamy wzi\u0119cie ze sob\u0105 wody i os\u0142ony na g\u0142ow\u0119 i oczy np. czapk\u0119 i okulary przeciws\u0142oneczne. Ka\u017cda osoba, kt\u00f3ra s\u0142abo si\u0119 poczuje powinna i\u015b\u0107 zacienionym chodnikiem, zrezygnowa\u0107 z marszu i i\u015b\u0107 na miejsca gdzie b\u0119d\u0105 przem\u00f3wienia, lub zrezygnowa\u0107 z marszu i wspiera\u0107 nas online.<\/p>\n<\/details>\n\n\n\n<details class=\"wp-block-details is-layout-flow wp-block-details-is-layout-flow\"><summary><strong><span style=\"text-decoration: underline;\"><img loading=\"lazy\" decoding=\"async\" height=\"16\" width=\"16\" src=\"https:\/\/static.xx.fbcdn.net\/images\/emoji.php\/v9\/t67\/2\/16\/1f5fa.png\" alt=\"\ud83d\uddfa\ufe0f\"> SPEECHES - PLACES<\/span><\/strong><\/summary>\n<p>Przem\u00f3wienia b\u0119d\u0105 na Rynku Podg\u00f3rskim, Placu Niepodleg\u0142o\u015bci, Placu Wolnica i Placu Wielkiej Armii Napoleona.<\/p>\n\n\n\n<p>Podczas przystank\u00f3w b\u0119dzie mo\u017cna skorzysta\u0107 ze sk\u0142adanych krzese\u0142ek \u2013 do odebrania od os\u00f3b w odblaskowych kamizelkach.<\/p>\n<\/details>\n\n\n\n<details class=\"wp-block-details is-layout-flow wp-block-details-is-layout-flow\"><summary><strong><span style=\"text-decoration: underline;\"><img loading=\"lazy\" decoding=\"async\" height=\"16\" width=\"16\" src=\"https:\/\/static.xx.fbcdn.net\/images\/emoji.php\/v9\/t9a\/2\/16\/1f5e3.png\" alt=\"\ud83d\udde3\ufe0f\"> SPEECHES \u2013 TRANSLATION<\/span><\/strong><\/summary>\n<p>Nie b\u0119dzie t\u0142umaczenia na PJM.<\/p>\n\n\n\n<p>W dniu Manify zostanie udost\u0119pniona tre\u015b\u0107 przem\u00f3wie\u0144 z t\u0142umaczeniem na j\u0119zyk angielski z pomoc\u0105 kod\u00f3w QR znajduj\u0105cych si\u0119 na banerach i transparentach oraz w Manifowej Gazetce.<\/p>\n<\/details>\n\n\n\n<details class=\"wp-block-details is-layout-flow wp-block-details-is-layout-flow\"><summary><span style=\"text-decoration: underline;\"><img loading=\"lazy\" decoding=\"async\" height=\"16\" width=\"16\" src=\"https:\/\/static.xx.fbcdn.net\/images\/emoji.php\/v9\/td8\/2\/16\/1f4e2.png\" alt=\"\ud83d\udce2\"> <strong>ANNOUNCEMENTS<\/strong><\/span><\/summary>\n<p>Announcements will be made via loudspeakers on site. There will be no online announcements.<\/p>\n<\/details>\n\n\n\n<p>Do zobaczenia dzisiaj <img loading=\"lazy\" decoding=\"async\" height=\"16\" width=\"16\" alt=\"\ud83d\udc4b\" src=\"https:\/\/static.xx.fbcdn.net\/images\/emoji.php\/v9\/t99\/2\/16\/1f44b.png\"><\/p>","protected":false},"excerpt":{"rendered":"<p>Dostosowania i utrudnienia na Marszu W tym roku chcia\u0142y\u015bmy zwr\u00f3ci\u0107 uwag\u0119 na mo\u017cliwe utrudnienia na wydarzeniu i dostosowa\u0107 te z nich, kt\u00f3re jeste\u015bmy w stanie. Przeanalizowa\u0142y\u015bmy tras\u0119 i zauwa\u017cy\u0142y\u015bmy problemy, kt\u00f3re mog\u0119 niekt\u00f3rym z was utrudni\u0107 udzia\u0142 w marszu. Chcemy by\u0107 transparentni z tym, jak b\u0119dzie to wygl\u0105da\u0107, zatem zrobi\u0142y\u015bmy ma\u0142\u0105 list\u0119 utrudnie\u0144 i dostosowa\u0144 [&hellip;]<\/p>\n","protected":false},"author":2,"featured_media":225,"comment_status":"closed","ping_status":"open","sticky":false,"template":"","format":"standard","meta":{"footnotes":""},"categories":[1],"tags":[],"class_list":["post-224","post","type-post","status-publish","format-standard","has-post-thumbnail","hentry","category-uncategorized"],"_links":{"self":[{"href":"https:\/\/dostosowania.fediblog.pl\/en\/wp-json\/wp\/v2\/posts\/224","targetHints":{"allow":["GET"]}}],"collection":[{"href":"https:\/\/dostosowania.fediblog.pl\/en\/wp-json\/wp\/v2\/posts"}],"about":[{"href":"https:\/\/dostosowania.fediblog.pl\/en\/wp-json\/wp\/v2\/types\/post"}],"author":[{"embeddable":true,"href":"https:\/\/dostosowania.fediblog.pl\/en\/wp-json\/wp\/v2\/users\/2"}],"replies":[{"embeddable":true,"href":"https:\/\/dostosowania.fediblog.pl\/en\/wp-json\/wp\/v2\/comments?post=224"}],"version-history":[{"count":3,"href":"https:\/\/dostosowania.fediblog.pl\/en\/wp-json\/wp\/v2\/posts\/224\/revisions"}],"predecessor-version":[{"id":233,"href":"https:\/\/dostosowania.fediblog.pl\/en\/wp-json\/wp\/v2\/posts\/224\/revisions\/233"}],"wp:featuredmedia":[{"embeddable":true,"href":"https:\/\/dostosowania.fediblog.pl\/en\/wp-json\/wp\/v2\/media\/225"}],"wp:attachment":[{"href":"https:\/\/dostosowania.fediblog.pl\/en\/wp-json\/wp\/v2\/media?parent=224"}],"wp:term":[{"taxonomy":"category","embeddable":true,"href":"https:\/\/dostosowania.fediblog.pl\/en\/wp-json\/wp\/v2\/categories?post=224"},{"taxonomy":"post_tag","embeddable":true,"href":"https:\/\/dostosowania.fediblog.pl\/en\/wp-json\/wp\/v2\/tags?post=224"}],"curies":[{"name":"wp","href":"https:\/\/api.w.org\/{rel}","templated":true}]}}